{"id":3210,"date":"2022-06-16T14:11:59","date_gmt":"2022-06-16T14:11:59","guid":{"rendered":"https:\/\/www.lgbti-label.ch\/?p=3210"},"modified":"2022-06-17T09:04:49","modified_gmt":"2022-06-17T09:04:49","slug":"vergabe-swiss-lgbti-label-2022","status":"publish","type":"post","link":"https:\/\/www.lgbti-label.ch\/de\/vergabe-swiss-lgbti-label-2022\/","title":{"rendered":"4. Vergabe Swiss LGBTI-Label: 2022 tragen so viele Organisationen wie noch nie das Label"},"content":{"rendered":"\n<p><strong>Gestern Mittwoch wurde das Swiss LGBTI-Label zum vierten Mal vergeben. Am feierlichen Vergabe-Event in Z\u00fcrich wurden 18 neue Organisationen mit dem Swiss LGBTI-Label ausgezeichnet. Sechs Organisationen aus dem ersten Jahrgang 2019 haben sich um die Erneuerung des Labels (\u00abRelabeling\u00bb) f\u00fcr weitere drei Jahre beworben und dieses mit h\u00f6heren Anforderungen erhalten.<\/strong><\/p>\n\n\n\n<p>Z\u00fcrich, 16. Juni 2022. Es kommt nicht alle Tage vor, dass Kadermitglieder direkter Konkurrenten wie der Pharmakonzerne Roche und Novartis, der Grossbanken Credit Suisse und UBS oder der grossen Wirtschaftspr\u00fcfungsgesellschaften Deloitte und KPMG gemeinsam auf einer B\u00fchne stehen und dieselbe Meinung vertreten. Was diese ungew\u00f6hnlichen Paare jeweils eint, ist letztendlich aber bedeutender als der Wettbewerb um Marktanteile oder Fachkr\u00e4fte auf dem hart umk\u00e4mpften Arbeitsmarkt: ihr Engagement f\u00fcr Diversit\u00e4t und Inklusion von LGBTI-Personen in der Arbeitswelt.<\/p>\n\n\n\n<div style=\"height:40px\" aria-hidden=\"true\" class=\"wp-block-spacer\"><\/div>\n\n\n\n<h2 class=\"wp-block-heading\">\u00abEinheit braucht Vielfalt\u00bb<\/h2>\n\n\n\n<p>Gestern Mittwoch fand im Rahmen der <a href=\"https:\/\/zurichpridefestival.ch\" target=\"_blank\" rel=\"noreferrer noopener\">Zurich Pride<\/a> Week die vierte Vergabe des Swiss LGBTI-Labels statt. Der feierliche Anlass im Eventspace Kraftwerk des Impact Hub Z\u00fcrich wurde von <a href=\"https:\/\/www.kommuniq.ch\" target=\"_blank\" rel=\"noreferrer noopener\">Jeannine Borer<\/a> moderiert und von <a href=\"https:\/\/www.msoke.com\" target=\"_blank\" rel=\"noreferrer noopener\">Msoke<\/a> musikalisch umrahmt. Auf die Begr\u00fcssung durch Lisa Schneider, Co-Pr\u00e4sidentin der Tr\u00e4ger-Organisation <a href=\"https:\/\/www.wybernet.ch\" target=\"_blank\" rel=\"noreferrer noopener\">WyberNet<\/a>, folgte ein Input-Referat von <a href=\"https:\/\/rosmarie-quadranti.ch\" target=\"_blank\" rel=\"noreferrer noopener\">Rosmarie Quadranti<\/a>, ehemalige Nationalr\u00e4tin und Mitglied der Vergabekommission Swiss LGBTI-Label. Ihre Botschaft an die rund 140 Anwesenden: \u00abEs sollte selbstverst\u00e4ndlich sein, dass Organisationen sich auch strategisch mit dem Umgang mit Vielfalt und Heterogenit\u00e4t befassen. Erst die Vielfalt f\u00fchrt dazu, die Einzigartigkeit eines Unternehmens auch zur Geltung zu bringen. Und das ist, was nachhaltigen Erfolg bringen kann und wird.\u00bb Das Schlusswort geh\u00f6rte Frank Preuss, Pr\u00e4sident der Tr\u00e4ger-Organisation <a href=\"https:\/\/www.network.ch\/\" target=\"_blank\" rel=\"noreferrer noopener\">Network<\/a>.<\/p>\n\n\n\n<p>Insgesamt durften 24 Organisationen das Swiss LGBTI-Label 2022 entgegennehmen, 18 davon in diesem Jahr zum ersten Mal: Nachdem Anfang des Jahres bereits <a href=\"https:\/\/www.lgbti-label.ch\/de\/swiss-lgbti-label-2022-zehn-neue-organisationen-ausgezeichnet\/\" target=\"_blank\" rel=\"noreferrer noopener\">zehn neue Organisationen<\/a> (Bayer Switzerland, Biogen, Julius B\u00e4r, KPMG, Pimco Schweiz, das Rehazentrum Lutzenberg, die Schweizerische Post, Spitex Z\u00fcrich Sihl, die Stadt Bern und Unic) mit dem Swiss LGBTI-Label ausgezeichnet wurden, hat die Vergabekommission zur Jahresmitte ein zweites Mal getagt und es sind noch acht weitere Organisationen dazu gestossen: In der Kategorie der grossen Organisationen mit mehr als 250 Mitarbeitenden kommen die Unternehmen <a href=\"https:\/\/www.bms.com\/ch\" target=\"_blank\" rel=\"noreferrer noopener\">Bristol-Myers Squibb<\/a>, <a href=\"https:\/\/www2.deloitte.com\/ch\/de.html\" target=\"_blank\" rel=\"noreferrer noopener\">Deloitte AG<\/a>, <a href=\"https:\/\/www.swisscard.ch\/de\" target=\"_blank\" rel=\"noreferrer noopener\">Swisscard AECS GmbH<\/a>, <a href=\"https:\/\/www.swissre.com\/\" target=\"_blank\" rel=\"noreferrer noopener\">Swiss Re<\/a> und <a href=\"https:\/\/www.takeda.com\/de-ch\/\" target=\"_blank\" rel=\"noreferrer noopener\">Takeda<\/a> hinzu. Mit der <a href=\"https:\/\/www.gov.uk\/world\/organisations\/british-embassy-berne\/office\/british-embassy\" target=\"_blank\" rel=\"noreferrer noopener\">British Embassy Berne<\/a> und <a href=\"https:\/\/www.ten23.health\/\" target=\"_blank\" rel=\"noreferrer noopener\">ten23 Health<\/a> geh\u00f6ren zwei weitere mittelgrosse Organisationen zu den neuen Label-Tr\u00e4gerinnen. Als Kleinunternehmen wurde die Firma <a href=\"https:\/\/viivhealthcare.com\/de-ch\/\" target=\"_blank\" rel=\"noreferrer noopener\">ViiV Healthcare GmbH<\/a> mit dem Label ausgezeichnet.<\/p>\n\n\n\n<div style=\"height:40px\" aria-hidden=\"true\" class=\"wp-block-spacer\"><\/div>\n\n\n\n<h2 class=\"wp-block-heading\">So f\u00f6rdert das Label stetige Weiterentwicklung<\/h2>\n\n\n\n<p>Das Swiss LGBTI-Label ist nicht nur eine Auszeichnung f\u00fcr Arbeitgebende, die sich f\u00fcr die Inklusion von LGBTI-Personen in der Schweiz einsetzen. Mit der Zertifizierung soll auch ein nachhaltiger Entwicklungsprozess in den Organisationen angestossen werden. Die umfassende Selbstdeklaration wird anhand der eingereichten Belegdokumente nach standardisierten Kriterien beurteilt. Auf dieser Grundlage erhalten die Organisationen einen detaillierten Ergebnisreport, der die jeweiligen St\u00e4rken und Verbesserungspotentiale aufzeigt, sowie konkrete Handlungsempfehlungen gibt.<\/p>\n\n\n\n<p>Nach Ablauf seiner G\u00fcltigkeit von drei Jahren muss das Swiss LGBTI-Label erneuert werden. Sechs Organisationen, die im ersten Vergabejahr 2019 ausgezeichnet wurden, haben die inzwischen gestiegenen Anforderungen erf\u00fcllt und d\u00fcrfen das Swiss LGBTI-Label f\u00fcr weitere drei Jahre tragen: <a href=\"https:\/\/almacasa.ch\/\" target=\"_blank\" rel=\"noreferrer noopener\">Almacasa<\/a>, <a href=\"https:\/\/www.credit-suisse.com\/ch\/de.html\" target=\"_blank\" rel=\"noreferrer noopener\">Credit Suisse AG<\/a>, <a href=\"https:\/\/www.inselgruppe.ch\/de\/\" target=\"_blank\" rel=\"noreferrer noopener\">Insel Gruppe Bern<\/a>, <a href=\"https:\/\/www.mercer.ch\/\" target=\"_blank\" rel=\"noreferrer noopener\">Mercer (Schweiz) GmbH<\/a>, die <a href=\"https:\/\/www.sbb.ch\/de\" target=\"_blank\" rel=\"noreferrer noopener\">SBB AG<\/a> und die <a href=\"https:\/\/www.zkb.ch\/de\/private.html\" target=\"_blank\" rel=\"noreferrer noopener\">Z\u00fcrcher Kantonalbank<\/a>. Damit tragen so viele Organisationen das Swiss LGBTI-Label wie noch nie zuvor: insgesamt 63 Unternehmen aus allen Branchen und Gr\u00f6ssenkategorien, aber auch Bildungseinrichtungen und \u00f6ffentliche Verwaltungen befinden sich aktuell auf der <a href=\"https:\/\/www.lgbti-label.ch\/de\/liste-der-organisationen-die-das-label-bereits-erhalten-haben\/\" target=\"_blank\" rel=\"noreferrer noopener\">Liste aller<\/a> <a href=\"https:\/\/www.lgbti-label.ch\/de\/liste-der-organisationen-die-das-label-bereits-erhalten-haben\/\" target=\"_blank\" rel=\"noreferrer noopener\">ausgezeichneten Organisationen<\/a>.<\/p>\n\n\n\n<div style=\"height:40px\" aria-hidden=\"true\" class=\"wp-block-spacer\"><\/div>\n\n\n\n<h2 class=\"wp-block-heading\">Download Medienmitteilung<\/h2>\n\n\n\n<div data-wp-interactive=\"core\/file\" class=\"wp-block-file\"><object data-wp-bind--hidden=\"!state.hasPdfPreview\" hidden class=\"wp-block-file__embed\" data=\"https:\/\/www.lgbti-label.ch\/wp-content\/uploads\/2022\/06\/swiss-lgbti-label-vegabe-2022-medienmitteilung-2.pdf\" type=\"application\/pdf\" style=\"width:100%;height:600px\" aria-label=\"Einbettung von Einbettung von Swiss LGBTI-Label Vegabe 2022 \u2013 Medienmitteilung..\"><\/object><a id=\"wp-block-file--media-baf2826e-c03b-44c3-bb32-ee2e91779006\" href=\"https:\/\/www.lgbti-label.ch\/wp-content\/uploads\/2022\/06\/swiss-lgbti-label-vegabe-2022-medienmitteilung-2.pdf\">Swiss LGBTI-Label Vegabe 2022 \u2013 Medienmitteilung<\/a><a href=\"https:\/\/www.lgbti-label.ch\/wp-content\/uploads\/2022\/06\/swiss-lgbti-label-vegabe-2022-medienmitteilung-2.pdf\" class=\"wp-block-file__button\" download aria-describedby=\"wp-block-file--media-baf2826e-c03b-44c3-bb32-ee2e91779006\">Herunterladen<\/a><\/div>\n","protected":false},"excerpt":{"rendered":"<p>Gestern Mittwoch wurde das Swiss LGBTI-Label zum vierten Mal vergeben. Am feierlichen Vergabe-Event in Z\u00fcrich wurden 18 neue Organisationen mit dem Swiss LGBTI-Label ausgezeichnet. Sechs Organisationen aus dem ersten Jahrgang 2019 haben sich um die Erneuerung des Labels (\u00abRelabeling\u00bb) f\u00fcr weitere drei Jahre beworben und dieses mit h\u00f6heren Anforderungen erhalten. Z\u00fcrich, 16. Juni 2022. Es [&hellip;]<\/p>\n","protected":false},"author":6,"featured_media":3212,"comment_status":"open","ping_status":"open","sticky":false,"template":"","format":"standard","meta":{"_acf_changed":false,"footnotes":""},"categories":[1],"tags":[],"class_list":["post-3210","post","type-post","status-publish","format-standard","has-post-thumbnail","hentry","category-unkategorisiert"],"acf":[],"yoast_head":"\n<title>4. Vergabe Swiss LGBTI-Label: 2022 tragen so viele Organisationen wie noch nie das Label - Swiss LGBTI-Label<\/title>\n<meta name=\"robots\" content=\"index, follow, max-snippet:-1, max-image-preview:large, max-video-preview:-1\" \/>\n<link rel=\"canonical\" href=\"https:\/\/www.lgbti-label.ch\/de\/vergabe-swiss-lgbti-label-2022\/\" \/>\n<meta property=\"og:locale\" content=\"de_DE\" \/>\n<meta property=\"og:type\" content=\"article\" \/>\n<meta property=\"og:title\" content=\"4. Vergabe Swiss LGBTI-Label: 2022 tragen so viele Organisationen wie noch nie das Label - Swiss LGBTI-Label\" \/>\n<meta property=\"og:description\" content=\"Gestern Mittwoch wurde das Swiss LGBTI-Label zum vierten Mal vergeben. Am feierlichen Vergabe-Event in Z\u00fcrich wurden 18 neue Organisationen mit dem Swiss LGBTI-Label ausgezeichnet. Sechs Organisationen aus dem ersten Jahrgang 2019 haben sich um die Erneuerung des Labels (\u00abRelabeling\u00bb) f\u00fcr weitere drei Jahre beworben und dieses mit h\u00f6heren Anforderungen erhalten. Z\u00fcrich, 16. Juni 2022. Es [&hellip;]\" \/>\n<meta property=\"og:url\" content=\"https:\/\/www.lgbti-label.ch\/de\/vergabe-swiss-lgbti-label-2022\/\" \/>\n<meta property=\"og:site_name\" content=\"Swiss LGBTI-Label\" \/>\n<meta property=\"article:published_time\" content=\"2022-06-16T14:11:59+00:00\" \/>\n<meta property=\"article:modified_time\" content=\"2022-06-17T09:04:49+00:00\" \/>\n<meta property=\"og:image\" content=\"https:\/\/www.lgbti-label.ch\/wp-content\/uploads\/2022\/06\/lgbti-label-2022-creditsuisse2-inselgruppe-zkb-sbb-mercer-sandrameier-gestaltungskioskch-2-scaled.jpg\" \/>\n\t<meta property=\"og:image:width\" content=\"2560\" \/>\n\t<meta property=\"og:image:height\" content=\"1706\" \/>\n\t<meta property=\"og:image:type\" content=\"image\/jpeg\" \/>\n<meta name=\"author\" content=\"admin@lgbti-label.ch\" \/>\n<meta name=\"twitter:card\" content=\"summary_large_image\" \/>\n<meta name=\"twitter:label1\" content=\"Verfasst von\" \/>\n\t<meta name=\"twitter:data1\" content=\"admin@lgbti-label.ch\" \/>\n\t<meta name=\"twitter:label2\" content=\"Gesch\u00e4tzte Lesezeit\" \/>\n\t<meta name=\"twitter:data2\" content=\"3\u00a0Minuten\" \/>\n","yoast_head_json":{"title":"4. Vergabe Swiss LGBTI-Label: 2022 tragen so viele Organisationen wie noch nie das Label - Swiss LGBTI-Label","robots":{"index":"index","follow":"follow","max-snippet":"max-snippet:-1","max-image-preview":"max-image-preview:large","max-video-preview":"max-video-preview:-1"},"canonical":"https:\/\/www.lgbti-label.ch\/de\/vergabe-swiss-lgbti-label-2022\/","og_locale":"de_DE","og_type":"article","og_title":"4. Vergabe Swiss LGBTI-Label: 2022 tragen so viele Organisationen wie noch nie das Label - Swiss LGBTI-Label","og_description":"Gestern Mittwoch wurde das Swiss LGBTI-Label zum vierten Mal vergeben. Am feierlichen Vergabe-Event in Z\u00fcrich wurden 18 neue Organisationen mit dem Swiss LGBTI-Label ausgezeichnet. Sechs Organisationen aus dem ersten Jahrgang 2019 haben sich um die Erneuerung des Labels (\u00abRelabeling\u00bb) f\u00fcr weitere drei Jahre beworben und dieses mit h\u00f6heren Anforderungen erhalten. Z\u00fcrich, 16. Juni 2022. Es [&hellip;]","og_url":"https:\/\/www.lgbti-label.ch\/de\/vergabe-swiss-lgbti-label-2022\/","og_site_name":"Swiss LGBTI-Label","article_published_time":"2022-06-16T14:11:59+00:00","article_modified_time":"2022-06-17T09:04:49+00:00","og_image":[{"width":2560,"height":1706,"url":"https:\/\/www.lgbti-label.ch\/wp-content\/uploads\/2022\/06\/lgbti-label-2022-creditsuisse2-inselgruppe-zkb-sbb-mercer-sandrameier-gestaltungskioskch-2-scaled.jpg","type":"image\/jpeg"}],"author":"admin@lgbti-label.ch","twitter_card":"summary_large_image","twitter_misc":{"Verfasst von":"admin@lgbti-label.ch","Gesch\u00e4tzte Lesezeit":"3\u00a0Minuten"},"schema":{"@context":"https:\/\/schema.org","@graph":[{"@type":"Article","@id":"https:\/\/www.lgbti-label.ch\/de\/vergabe-swiss-lgbti-label-2022\/#article","isPartOf":{"@id":"https:\/\/www.lgbti-label.ch\/de\/vergabe-swiss-lgbti-label-2022\/"},"author":{"name":"admin@lgbti-label.ch","@id":"https:\/\/www.lgbti-label.ch\/de\/#\/schema\/person\/212c93c6fdf4aa7d30708953c5bb8483"},"headline":"4. Vergabe Swiss LGBTI-Label: 2022 tragen so viele Organisationen wie noch nie das Label","datePublished":"2022-06-16T14:11:59+00:00","dateModified":"2022-06-17T09:04:49+00:00","mainEntityOfPage":{"@id":"https:\/\/www.lgbti-label.ch\/de\/vergabe-swiss-lgbti-label-2022\/"},"wordCount":577,"commentCount":0,"image":{"@id":"https:\/\/www.lgbti-label.ch\/de\/vergabe-swiss-lgbti-label-2022\/#primaryimage"},"thumbnailUrl":"https:\/\/www.lgbti-label.ch\/wp-content\/uploads\/2022\/06\/lgbti-label-2022-creditsuisse2-inselgruppe-zkb-sbb-mercer-sandrameier-gestaltungskioskch-2-scaled.jpg","articleSection":["Unkategorisiert"],"inLanguage":"de"},{"@type":"WebPage","@id":"https:\/\/www.lgbti-label.ch\/de\/vergabe-swiss-lgbti-label-2022\/","url":"https:\/\/www.lgbti-label.ch\/de\/vergabe-swiss-lgbti-label-2022\/","name":"4. Vergabe Swiss LGBTI-Label: 2022 tragen so viele Organisationen wie noch nie das Label - Swiss LGBTI-Label","isPartOf":{"@id":"https:\/\/www.lgbti-label.ch\/de\/#website"},"primaryImageOfPage":{"@id":"https:\/\/www.lgbti-label.ch\/de\/vergabe-swiss-lgbti-label-2022\/#primaryimage"},"image":{"@id":"https:\/\/www.lgbti-label.ch\/de\/vergabe-swiss-lgbti-label-2022\/#primaryimage"},"thumbnailUrl":"https:\/\/www.lgbti-label.ch\/wp-content\/uploads\/2022\/06\/lgbti-label-2022-creditsuisse2-inselgruppe-zkb-sbb-mercer-sandrameier-gestaltungskioskch-2-scaled.jpg","datePublished":"2022-06-16T14:11:59+00:00","dateModified":"2022-06-17T09:04:49+00:00","author":{"@id":"https:\/\/www.lgbti-label.ch\/de\/#\/schema\/person\/212c93c6fdf4aa7d30708953c5bb8483"},"inLanguage":"de","potentialAction":[{"@type":"ReadAction","target":["https:\/\/www.lgbti-label.ch\/de\/vergabe-swiss-lgbti-label-2022\/"]}]},{"@type":"ImageObject","inLanguage":"de","@id":"https:\/\/www.lgbti-label.ch\/de\/vergabe-swiss-lgbti-label-2022\/#primaryimage","url":"https:\/\/www.lgbti-label.ch\/wp-content\/uploads\/2022\/06\/lgbti-label-2022-creditsuisse2-inselgruppe-zkb-sbb-mercer-sandrameier-gestaltungskioskch-2-scaled.jpg","contentUrl":"https:\/\/www.lgbti-label.ch\/wp-content\/uploads\/2022\/06\/lgbti-label-2022-creditsuisse2-inselgruppe-zkb-sbb-mercer-sandrameier-gestaltungskioskch-2-scaled.jpg","width":2560,"height":1706,"caption":"Sechs Organisationen aus dem ersten Jahrgang 2019 haben das Swiss LGBTI-Label f\u00fcr weitere drei Jahre erhalten (Bild: Sandra Meier | gestaltungskiosk.ch)"},{"@type":"WebSite","@id":"https:\/\/www.lgbti-label.ch\/de\/#website","url":"https:\/\/www.lgbti-label.ch\/de\/","name":"Swiss LGBTI-Label","description":"Wir f\u00f6rdern Diversity und Inclusion von LGBTI-Menschen am Arbeitsplatz.","potentialAction":[{"@type":"SearchAction","target":{"@type":"EntryPoint","urlTemplate":"https:\/\/www.lgbti-label.ch\/de\/?s={search_term_string}"},"query-input":{"@type":"PropertyValueSpecification","valueRequired":true,"valueName":"search_term_string"}}],"inLanguage":"de"},{"@type":"Person","@id":"https:\/\/www.lgbti-label.ch\/de\/#\/schema\/person\/212c93c6fdf4aa7d30708953c5bb8483","name":"admin@lgbti-label.ch","image":{"@type":"ImageObject","inLanguage":"de","@id":"https:\/\/secure.gravatar.com\/avatar\/7cde1d39c2f26b0b8ba1c02602745d7c021aefd1a8c3fe8c5277b1f3a8151833?s=96&d=mm&r=g","url":"https:\/\/secure.gravatar.com\/avatar\/7cde1d39c2f26b0b8ba1c02602745d7c021aefd1a8c3fe8c5277b1f3a8151833?s=96&d=mm&r=g","contentUrl":"https:\/\/secure.gravatar.com\/avatar\/7cde1d39c2f26b0b8ba1c02602745d7c021aefd1a8c3fe8c5277b1f3a8151833?s=96&d=mm&r=g","caption":"admin@lgbti-label.ch"},"url":"https:\/\/www.lgbti-label.ch\/de\/author\/adminlgbti-label-ch\/"}]}},"_links":{"self":[{"href":"https:\/\/www.lgbti-label.ch\/de\/wp-json\/wp\/v2\/posts\/3210","targetHints":{"allow":["GET"]}}],"collection":[{"href":"https:\/\/www.lgbti-label.ch\/de\/wp-json\/wp\/v2\/posts"}],"about":[{"href":"https:\/\/www.lgbti-label.ch\/de\/wp-json\/wp\/v2\/types\/post"}],"author":[{"embeddable":true,"href":"https:\/\/www.lgbti-label.ch\/de\/wp-json\/wp\/v2\/users\/6"}],"replies":[{"embeddable":true,"href":"https:\/\/www.lgbti-label.ch\/de\/wp-json\/wp\/v2\/comments?post=3210"}],"version-history":[{"count":10,"href":"https:\/\/www.lgbti-label.ch\/de\/wp-json\/wp\/v2\/posts\/3210\/revisions"}],"predecessor-version":[{"id":3301,"href":"https:\/\/www.lgbti-label.ch\/de\/wp-json\/wp\/v2\/posts\/3210\/revisions\/3301"}],"wp:featuredmedia":[{"embeddable":true,"href":"https:\/\/www.lgbti-label.ch\/de\/wp-json\/wp\/v2\/media\/3212"}],"wp:attachment":[{"href":"https:\/\/www.lgbti-label.ch\/de\/wp-json\/wp\/v2\/media?parent=3210"}],"wp:term":[{"taxonomy":"category","embeddable":true,"href":"https:\/\/www.lgbti-label.ch\/de\/wp-json\/wp\/v2\/categories?post=3210"},{"taxonomy":"post_tag","embeddable":true,"href":"https:\/\/www.lgbti-label.ch\/de\/wp-json\/wp\/v2\/tags?post=3210"}],"curies":[{"name":"wp","href":"https:\/\/api.w.org\/{rel}","templated":true}]}}